{"id":824,"date":"2014-12-24T09:15:53","date_gmt":"2014-12-24T09:15:53","guid":{"rendered":"https:\/\/opinioneslibres.es\/apuntesdeeducacion\/?p=824"},"modified":"2014-12-24T09:17:51","modified_gmt":"2014-12-24T09:17:51","slug":"mas-informacion-sobre-mobipro-eu","status":"publish","type":"post","link":"https:\/\/opinioneslibres.es\/apuntesdeeducacion\/?p=824","title":{"rendered":"M\u00e1s informaci\u00f3n sobre MobiPro-EU"},"content":{"rendered":"<p><b>El proyecto que lidera la entidad alemana <\/b><a href=\"http:\/\/www.regiovision-schwerin.de\/\"><b>RegioVision GmbH<\/b><\/a><b> Schwerin en colaboraci\u00f3n con Decroly y otras compa\u00f1\u00edas europeas, auspiciado por el programa especial <\/b><a href=\"http:\/\/www.thejobofmylife.de\/fileadmin\/user_upload\/Die_Richtlinien\/neu2014_2015\/31072014_EN_Foerderrichtlinie_MobiPro_EU.pdf\"><b>MobiPro-EU<\/b><\/a><b> y por su precursor <i>The Job of my Life<\/i> \u201cEl trabajo de mi vida\u201d, ocupa uno de los primeros lugares en las prioridades del equipo de programas y proyectos europeos de este centro de Formaci\u00f3n Profesional para el pr\u00f3ximo semestre<\/b><\/p>\n<p><a href=\"http:\/\/opinioneslibres.es\/apuntesdeeducacion\/wp-content\/uploads\/2014\/12\/1-the-job-of-my-life.jpg\"><img loading=\"lazy\" decoding=\"async\" class=\"aligncenter size-full wp-image-825\" alt=\"1 the job of my life\" src=\"http:\/\/opinioneslibres.es\/apuntesdeeducacion\/wp-content\/uploads\/2014\/12\/1-the-job-of-my-life.jpg\" width=\"501\" height=\"168\" srcset=\"https:\/\/opinioneslibres.es\/apuntesdeeducacion\/wp-content\/uploads\/2014\/12\/1-the-job-of-my-life.jpg 501w, https:\/\/opinioneslibres.es\/apuntesdeeducacion\/wp-content\/uploads\/2014\/12\/1-the-job-of-my-life-300x100.jpg 300w\" sizes=\"auto, (max-width: 501px) 100vw, 501px\" \/><\/a><\/p>\n<p>Una vez que <a href=\"http:\/\/www.regiovision-schwerin.de\/\">RegioVision GmbH<\/a> Schwerin comunic\u00f3 a este director la aprobaci\u00f3n de un proyecto destinado a contratar por empresas alemanas del estado de <a href=\"http:\/\/es.wikipedia.org\/wiki\/Mecklemburgo-Pomerania_Occidental\">Mecklemburgo-Pomerania<\/a> a 17 j\u00f3venes que posean la nacionalidad de un <a href=\"http:\/\/www.interior.gob.es\/web\/servicios-al-ciudadano\/extranjeria\/control-de-fronteras\/estados-que-integran-la-union-europea\">Estado miembro de la Uni\u00f3n Europea<\/a> (UE) o de un <a href=\"http:\/\/www.interior.gob.es\/web\/servicios-al-ciudadano\/extranjeria\/control-de-fronteras\/estados-del-espacio-economico-europeo-eee-\">Estado del Espacio Econ\u00f3mico Europeo<\/a> (EEE, <b>Decroly ha derrochado esfuerzos para divulgar la iniciativa e informar y asesorar a todos los potenciales candidatos interesados<\/b>.<\/p>\n<p>Este proyecto financia a eventuales participantes que en el momento de inicio de la subvenci\u00f3n:<\/p>\n<ol>\n<li>abarquen edades comprendidas <b>entre 18 and 27 a\u00f1os<\/b>,<\/li>\n<li>ostenten la nacionalidad de un <a href=\"http:\/\/www.interior.gob.es\/web\/servicios-al-ciudadano\/extranjeria\/control-de-fronteras\/estados-que-integran-la-union-europea\">Estado miembro de la Uni\u00f3n Europea<\/a> (UE) o de un <a href=\"http:\/\/www.interior.gob.es\/web\/servicios-al-ciudadano\/extranjeria\/control-de-fronteras\/estados-del-espacio-economico-europeo-eee-\">Estado del Espacio Econ\u00f3mico Europeo<\/a> (EEE),<\/li>\n<li><b>residan en un pa\u00eds de Europa<\/b> o que en el momento de su solicitud no lleven m\u00e1s de tres meses en Alemania y<\/li>\n<li>que tengan un certificado escolar reconocido<\/li>\n<\/ol>\n<p>Procede reiterar, de nuevo, que el <b>Gobierno Federal de Alemania<\/b>,<b> <\/b>mediante \u00a0<a href=\"http:\/\/www.thejobofmylife.de\/fileadmin\/user_upload\/Die_Richtlinien\/neu2014_2015\/31072014_EN_Foerderrichtlinie_MobiPro_EU.pdf\"><b>MobiPro-EU<\/b><\/a>, establece como objetivo <b><a href=\"http:\/\/opinioneslibres.es\/apuntesdeeducacion\/wp-content\/uploads\/2014\/12\/2-segiomariafjmy-europeos.jpg\"><img loading=\"lazy\" decoding=\"async\" class=\"alignleft size-medium wp-image-826\" alt=\"2 segiomariafjmy europeos\" src=\"http:\/\/opinioneslibres.es\/apuntesdeeducacion\/wp-content\/uploads\/2014\/12\/2-segiomariafjmy-europeos-300x199.jpg\" width=\"300\" height=\"199\" srcset=\"https:\/\/opinioneslibres.es\/apuntesdeeducacion\/wp-content\/uploads\/2014\/12\/2-segiomariafjmy-europeos-300x199.jpg 300w, https:\/\/opinioneslibres.es\/apuntesdeeducacion\/wp-content\/uploads\/2014\/12\/2-segiomariafjmy-europeos.jpg 506w\" sizes=\"auto, (max-width: 300px) 100vw, 300px\" \/><\/a>contribuir a la disminuci\u00f3n del paro juvenil<\/b> en Europa y <b>cubrir necesidades de profesionales especializados<\/b> en empresas de Alemania.<\/p>\n<p>Creado con el <b>compromiso y objetivo de fomentar la movilidad profesional de j\u00f3venes europeos<\/b>, <a href=\"http:\/\/www.thejobofmylife.de\/fileadmin\/user_upload\/Die_Richtlinien\/neu2014_2015\/31072014_EN_Foerderrichtlinie_MobiPro_EU.pdf\"><b>MobiPro-EU<\/b><\/a><b> <\/b>es un programa del Ministerio Federal de Trabajo y Asuntos Sociales (BMAS) y de la Agencia Federal de Empleo (BA) de Alemania para ayudar a los candidatos durante sus primeros pasos en el pa\u00eds. <b>Publicado el 24 de julio de 2014<\/b>, posibilita la <b>financiaci\u00f3n de proyectos espec\u00edficos<\/b> para capacitar a un n\u00famero de 10 a 30 personas que re\u00fanan los requisitos con el fin de que realicen una <b>Formaci\u00f3n Profesional Dual<\/b>, mediante la <b>suscripci\u00f3n de un contrato para la formaci\u00f3n y el aprendizaje<\/b> entre una empresa y un candidato, <b>a partir del 1 de setiembre de 2015<\/b>.<\/p>\n<p>En los t\u00e9rminos establecidos en <a href=\"http:\/\/www.thejobofmylife.de\/fileadmin\/user_upload\/Die_Richtlinien\/neu2014_2015\/31072014_EN_Foerderrichtlinie_MobiPro_EU.pdf\"><b>MobiPro-EU<\/b><\/a>, los j\u00f3venes participantes en el programa se beneficiar\u00e1n de <b>apoyos econ\u00f3micos para superar las barreras ling\u00fc\u00edsticas<\/b> y las previsibles dificultades que puedan afectar <b>al proceso de incorporaci\u00f3n y colocaci\u00f3n<\/b> en una firma Alemana. <b>Otras medidas ir\u00e1n orientadas al asesoramiento y el apoyo pertinentes<\/b> para que esa <b>Formaci\u00f3n Profesional Dual remunerada<\/b> se desarrolle de forma positiva.<\/p>\n<p>La ayuda descrita, complementaria a la que proporciona el programa <i>The Job of my Life<\/i> \u201c<b>El trabajo de mi vida<\/b>\u201d, facilita el acceso a un <b>contrato para la formaci\u00f3n y el aprendizaje<\/b> que posibilita trabajar, aprender y vivir en Alemania. El modelo que propicia la iniciativa es muy antiguo all\u00ed y en otros pa\u00edses del centro y norte de Europa como Suiza, Holanda, Dinamarca,.. Es <b>la Formaci\u00f3n Profesional Dual<\/b> que <b>combina empleo<\/b> en una empresa <b>y formaci\u00f3n<\/b> en la propia compa\u00f1\u00eda o en un centro autorizado de Formaci\u00f3n Profesional, instrumentados <b>a trav\u00e9s de un contrato laboral<\/b> remunerado por el que <b>cada joven cobrar\u00e1 818 \u20ac cada mes<\/b> para afrontar los gastos de manutenci\u00f3n, alquiler y subsistencia, entre otros posibles.<\/p>\n<p style=\"text-align: center;\"><a href=\"http:\/\/opinioneslibres.es\/apuntesdeeducacion\/wp-content\/uploads\/2014\/12\/3-Marco-europeo-com\u00fan-de-referencia-para-las-lenguas-Tabla-de-auto-evaluaci\u00f3n.jpg\"><img loading=\"lazy\" decoding=\"async\" class=\"aligncenter  wp-image-827\" alt=\"3 Marco europeo com\u00fan de referencia para las lenguas - Tabla de auto evaluaci\u00f3n\" src=\"http:\/\/opinioneslibres.es\/apuntesdeeducacion\/wp-content\/uploads\/2014\/12\/3-Marco-europeo-com\u00fan-de-referencia-para-las-lenguas-Tabla-de-auto-evaluaci\u00f3n.jpg\" width=\"464\" height=\"237\" srcset=\"https:\/\/opinioneslibres.es\/apuntesdeeducacion\/wp-content\/uploads\/2014\/12\/3-Marco-europeo-com\u00fan-de-referencia-para-las-lenguas-Tabla-de-auto-evaluaci\u00f3n.jpg 515w, https:\/\/opinioneslibres.es\/apuntesdeeducacion\/wp-content\/uploads\/2014\/12\/3-Marco-europeo-com\u00fan-de-referencia-para-las-lenguas-Tabla-de-auto-evaluaci\u00f3n-300x153.jpg 300w\" sizes=\"auto, (max-width: 464px) 100vw, 464px\" \/><\/a><\/p>\n<p>Este <b>modelo de empleo y formaci\u00f3n profesional<\/b> se encuentra muy arraigado. Fruto de ello es el <b>escaso \u00edndice de desempleo y\/o abandono escolar temprano<\/b> en esos pa\u00edses. En mi opini\u00f3n \u201c<b>El Empleo de mi Vida\u201d<\/b> y la directiva para el fomento de la movilidad profesional de los j\u00f3venes europeos, <a href=\"http:\/\/www.thejobofmylife.de\/fileadmin\/user_upload\/Die_Richtlinien\/neu2014_2015\/31072014_EN_Foerderrichtlinie_MobiPro_EU.pdf\"><b>MobiPro-EU<\/b><\/a>, que <b>establece los principios para apoyar a los interesados en el programa mediante subvenciones<\/b>,<b> <\/b>constituyen una de las herramientas m\u00e1s consistentes para <b>erradicar el desempleo juvenil en Europa<\/b>, liderado por Alemania.<\/p>\n<p>Otras ayudas adicionales a las anteriormente citadas previstas en las actuaciones reguladas en <a href=\"http:\/\/www.thejobofmylife.de\/fileadmin\/user_upload\/Die_Richtlinien\/neu2014_2015\/31072014_EN_Foerderrichtlinie_MobiPro_EU.pdf\"><b>MobiPro-EU<\/b><\/a>, incluidas en el proyecto en el que participa Decroly liderado por <a href=\"http:\/\/www.regiovision-schwerin.de\/\">RegioVision GmbH<\/a> Schwerin, se concretan en las siguientes medidas para garantizar una \u00ab<i>conclusi\u00f3n con \u00e9xito de la formaci\u00f3n profesional<\/i>\u00ab:<\/p>\n<ol>\n<li>Subvenci\u00f3n de <b>un curso de alem\u00e1n<\/b> como medida preparatoria a la formaci\u00f3n en Decroly\n<ol>\n<li>Con las subvenciones del curso de alem\u00e1n se pretende alcanzar el nivel <b>B1 <\/b><a href=\"http:\/\/europass.cedefop.europa.eu\/LanguageSelfAssessmentGrid\/es\">Marco Com\u00fan Europeo de Referencia para las Lenguas<\/a> (MCER).<\/li>\n<\/ol>\n<\/li>\n<li>Conocimiento de una formaci\u00f3n profesional y una empresa de formaci\u00f3n a trav\u00e9s de <b>un per\u00edodo de pr\u00e1cticas en una empresa de formaci\u00f3n<\/b> en Schwerin, Alemania.\n<ol>\n<li>El per\u00edodo de pr\u00e1cticas tendr\u00e1 una duraci\u00f3n de hasta <b>6 semanas<\/b> e incluir\u00e1 el <b>fomento continuo del aprendizaje<a href=\"http:\/\/opinioneslibres.es\/apuntesdeeducacion\/wp-content\/uploads\/2014\/12\/5-interesadosorbitadecroly.jpg\"><img loading=\"lazy\" decoding=\"async\" class=\"alignright size-medium wp-image-829\" alt=\"5 interesadosorbitadecroly\" src=\"http:\/\/opinioneslibres.es\/apuntesdeeducacion\/wp-content\/uploads\/2014\/12\/5-interesadosorbitadecroly-300x224.jpg\" width=\"300\" height=\"224\" srcset=\"https:\/\/opinioneslibres.es\/apuntesdeeducacion\/wp-content\/uploads\/2014\/12\/5-interesadosorbitadecroly-300x224.jpg 300w, https:\/\/opinioneslibres.es\/apuntesdeeducacion\/wp-content\/uploads\/2014\/12\/5-interesadosorbitadecroly.jpg 448w\" sizes=\"auto, (max-width: 300px) 100vw, 300px\" \/><\/a> del idioma<\/b>.<\/li>\n<li>La <b>remuneraci\u00f3n de las pr\u00e1cticas<\/b> debe cumplir con las normas aplicables de acuerdo al salario m\u00ednimo legal y debe ascender a un importe mensual de por lo menos 200 \u20ac.<\/li>\n<\/ol>\n<\/li>\n<li>Aumento de la <b>remuneraci\u00f3n de las pr\u00e1cticas<\/b> y de la remuneraci\u00f3n de la formaci\u00f3n tarifaria o habitual de la zona.\n<ol>\n<li>Los participantes cobrar\u00e1n <b>818 \u20ac cada mes<\/b> para los gastos de manutenci\u00f3n.<\/li>\n<li>La remuneraci\u00f3n <b>aumentar\u00e1 en 130 \u20ac por cada hijo propio<\/b> que el solicitante tenga a su cargo en Alemania.<\/li>\n<\/ol>\n<\/li>\n<li>Pr\u00e1cticas ling\u00fc\u00edsticas, profesionales y pedag\u00f3gico-sociales, as\u00ed como soporte de formaci\u00f3n profesional.\n<ol>\n<li><b>fomento del aprendizaje del idioma<\/b> y, en caso necesario, <b>clases adicionales<\/b> en la escuela de formaci\u00f3n<\/li>\n<li><b>apoyo pedag\u00f3gico y social<\/b> orientado al trabajo durante la formaci\u00f3n<\/li>\n<li><b>apoyo individual<\/b> en la orientaci\u00f3n inicial en Alemania<\/li>\n<\/ol>\n<\/li>\n<li>Gastos de viaje para un viaje al pa\u00eds de origen cada semestre de formaci\u00f3n as\u00ed como al inicio de las pr\u00e1cticas y de la formaci\u00f3n.\n<ol>\n<li><b>Gastos para el viaje de ida y vuelta a las pr\u00e1cticas<\/b>, as\u00ed como <b>un viaje al pa\u00eds de origen por cada semestre de formaci\u00f3n<\/b>. Los costes son subsidiados con un importe general de 200 \u20ac en distancias de ida de hasta 500 km y 300 \u20ac en distancias de ida a partir de 500 km.<\/li>\n<\/ol>\n<\/li>\n<\/ol>\n<p>Los j\u00f3venes que cumplan los requisitos estipulados por <a href=\"http:\/\/www.thejobofmylife.de\/fileadmin\/user_upload\/Die_Richtlinien\/neu2014_2015\/31072014_EN_Foerderrichtlinie_MobiPro_EU.pdf\"><b>MobiPro-EU<\/b><\/a> tiene ahora la oportunidad de poder comenzar el pr\u00f3ximo <a href=\"http:\/\/opinioneslibres.es\/apuntesdeeducacion\/wp-content\/uploads\/2014\/12\/4-castillodSchwerin.jpg\"><img loading=\"lazy\" decoding=\"async\" class=\"alignleft size-medium wp-image-830\" alt=\"4 castillodSchwerin\" src=\"http:\/\/opinioneslibres.es\/apuntesdeeducacion\/wp-content\/uploads\/2014\/12\/4-castillodSchwerin-300x300.jpg\" width=\"300\" height=\"300\" srcset=\"https:\/\/opinioneslibres.es\/apuntesdeeducacion\/wp-content\/uploads\/2014\/12\/4-castillodSchwerin-300x300.jpg 300w, https:\/\/opinioneslibres.es\/apuntesdeeducacion\/wp-content\/uploads\/2014\/12\/4-castillodSchwerin-150x150.jpg 150w, https:\/\/opinioneslibres.es\/apuntesdeeducacion\/wp-content\/uploads\/2014\/12\/4-castillodSchwerin.jpg 336w\" sizes=\"auto, (max-width: 300px) 100vw, 300px\" \/><\/a>septiembre de 2015 una Formaci\u00f3n Profesional Dual en<b> <\/b><a href=\"http:\/\/es.wikipedia.org\/wiki\/Schwerin\">Schwerin<\/a><b>, <\/b>capital del Estado Federal de<b> <\/b><a href=\"http:\/\/es.wikipedia.org\/wiki\/Mecklemburgo-Pomerania_Occidental\">Mecklemburgo-Pomerania<\/a><b>,<\/b> a trav\u00e9s del proyecto autorizado por el Ministerio Federal de Trabajo y Asuntos Sociales al consorcio liderado por <a href=\"http:\/\/www.regiovision-schwerin.de\/\"><b>RegioVision GmbH<\/b><\/a><b> Schwerin<\/b> en el que participa Decroly en calidad de socio.<\/p>\n<p>Es responsabilidad de Decroly en este proyecto encontrar <b>candidatos c\u00e1ntabros, espa\u00f1oles o europeos<\/b> para comenzar una Formaci\u00f3n Profesional Dual en una empresa de <a href=\"http:\/\/es.wikipedia.org\/wiki\/Schwerin\">Schwerin<\/a>, <a href=\"http:\/\/es.wikipedia.org\/wiki\/Mecklemburgo-Pomerania_Occidental\">Mecklemburgo-Pomerania<\/a>, en Alemania<b> a partir del 01 de Septiembre de 2015<\/b>. Para ello, Decroly va a desplegar todo su potencial para difundir, informar y orientar a cuantos candidatos requieran su apoyo, desde el primer d\u00eda hasta el final del programa incluyendo prioritariamente la necesaria inmersi\u00f3n ling\u00fc\u00edstica en alem\u00e1n que permita obtener la acreditaci\u00f3n <b>B1 <\/b>del <a href=\"http:\/\/europass.cedefop.europa.eu\/LanguageSelfAssessmentGrid\/es\">Marco Com\u00fan Europeo de Referencia para las Lenguas<\/a> (MCER).<\/p>\n<p>Todos los j\u00f3venes interesados en trabajar, aprender y vivir en Alemania a trav\u00e9s del proyecto coordinado por <a href=\"http:\/\/www.regiovision-schwerin.de\/\"><b>RegioVision GmbH<\/b><\/a><b> Schwerin<\/b> con la participaci\u00f3n de Decroly deber\u00e1n inscribirse a trav\u00e9s del <a href=\"http:\/\/web.auladecroly.com\/index.php\/inscripcion-mobipro\">formulario<\/a> colgado en nuestra web institucional y adjuntar la NECESARIA documentaci\u00f3n en PDF a trav\u00e9s del correo <a href=\"mailto:infodecroly@decroly.com\">infodecroly@decroly.com<\/a>: una <b>copia del t\u00edtulo<\/b>(s) acad\u00e9micos; <b>DNI o pasaporte<\/b> y un <b>curr\u00edculo actualizado<\/b>.<\/p>\n<p>M\u00e1s informaci\u00f3n sobre <b>El trabajo de mi vida <\/b>\u201c<i>The Job of my Life<\/i>\u201d, v\u00eda Formaci\u00f3n Profesional Dual en Alemania, puedes obtenerla de <b>Cristina Su\u00e1rez<\/b>, llamando por tel\u00e9fono al n\u00famero 942 37 02 34 de Decroly.<\/p>\n<p>\u00a1Feliz Navidad!<\/p>\n<p>&nbsp;<\/p>\n<p>&nbsp;<\/p>\n","protected":false},"excerpt":{"rendered":"<p>El proyecto que lidera la entidad alemana RegioVision GmbH Schwerin en colaboraci\u00f3n con Decroly y otras compa\u00f1\u00edas europeas, auspiciado por el programa especial MobiPro-EU y por su precursor The Job of my Life \u201cEl trabajo de mi vida\u201d, ocupa uno de los primeros lugares en las prioridades del equipo de programas y proyectos europeos de [&hellip;]<\/p>\n","protected":false},"author":2,"featured_media":0,"comment_status":"open","ping_status":"open","sticky":false,"template":"","format":"standard","meta":{"footnotes":""},"categories":[3],"tags":[13],"class_list":["post-824","post","type-post","status-publish","format-standard","hentry","category-educacion-y-formacion","tag-fp"],"_links":{"self":[{"href":"https:\/\/opinioneslibres.es\/apuntesdeeducacion\/index.php?rest_route=\/wp\/v2\/posts\/824","targetHints":{"allow":["GET"]}}],"collection":[{"href":"https:\/\/opinioneslibres.es\/apuntesdeeducacion\/index.php?rest_route=\/wp\/v2\/posts"}],"about":[{"href":"https:\/\/opinioneslibres.es\/apuntesdeeducacion\/index.php?rest_route=\/wp\/v2\/types\/post"}],"author":[{"embeddable":true,"href":"https:\/\/opinioneslibres.es\/apuntesdeeducacion\/index.php?rest_route=\/wp\/v2\/users\/2"}],"replies":[{"embeddable":true,"href":"https:\/\/opinioneslibres.es\/apuntesdeeducacion\/index.php?rest_route=%2Fwp%2Fv2%2Fcomments&post=824"}],"version-history":[{"count":3,"href":"https:\/\/opinioneslibres.es\/apuntesdeeducacion\/index.php?rest_route=\/wp\/v2\/posts\/824\/revisions"}],"predecessor-version":[{"id":832,"href":"https:\/\/opinioneslibres.es\/apuntesdeeducacion\/index.php?rest_route=\/wp\/v2\/posts\/824\/revisions\/832"}],"wp:attachment":[{"href":"https:\/\/opinioneslibres.es\/apuntesdeeducacion\/index.php?rest_route=%2Fwp%2Fv2%2Fmedia&parent=824"}],"wp:term":[{"taxonomy":"category","embeddable":true,"href":"https:\/\/opinioneslibres.es\/apuntesdeeducacion\/index.php?rest_route=%2Fwp%2Fv2%2Fcategories&post=824"},{"taxonomy":"post_tag","embeddable":true,"href":"https:\/\/opinioneslibres.es\/apuntesdeeducacion\/index.php?rest_route=%2Fwp%2Fv2%2Ftags&post=824"}],"curies":[{"name":"wp","href":"https:\/\/api.w.org\/{rel}","templated":true}]}}